{"id":9643,"date":"2025-07-03T10:52:44","date_gmt":"2025-07-03T13:52:44","guid":{"rendered":"https:\/\/folhadopirajucara.com.br\/?p=9643"},"modified":"2025-07-03T10:53:24","modified_gmt":"2025-07-03T13:53:24","slug":"alerta-aumento-de-casos-da-doenca-mao-pe-boca-em-juquitiba","status":"publish","type":"post","link":"https:\/\/folhadopirajucara.com.br\/index.php\/2025\/07\/03\/alerta-aumento-de-casos-da-doenca-mao-pe-boca-em-juquitiba\/","title":{"rendered":"Alerta: Aumento de casos da Doen\u00e7a M\u00e3o-P\u00e9-Boca em Juquitiba"},"content":{"rendered":"<div class=\"x14z9mp xat24cr x1lziwak x1vvkbs xtlvy1s x126k92a\">\n<div dir=\"auto\"><img loading=\"lazy\" decoding=\"async\" class=\"size-medium wp-image-9646 alignleft\" src=\"https:\/\/folhadopirajucara.com.br\/wp-content\/uploads\/2025\/07\/503493336_18104879269554740_6739670728416093170_n-241x300.jpg\" alt=\"\" width=\"241\" height=\"300\" srcset=\"https:\/\/folhadopirajucara.com.br\/wp-content\/uploads\/2025\/07\/503493336_18104879269554740_6739670728416093170_n-241x300.jpg 241w, https:\/\/folhadopirajucara.com.br\/wp-content\/uploads\/2025\/07\/503493336_18104879269554740_6739670728416093170_n-822x1024.jpg 822w, https:\/\/folhadopirajucara.com.br\/wp-content\/uploads\/2025\/07\/503493336_18104879269554740_6739670728416093170_n-768x957.jpg 768w, https:\/\/folhadopirajucara.com.br\/wp-content\/uploads\/2025\/07\/503493336_18104879269554740_6739670728416093170_n-1232x1536.jpg 1232w, https:\/\/folhadopirajucara.com.br\/wp-content\/uploads\/2025\/07\/503493336_18104879269554740_6739670728416093170_n.jpg 1347w\" sizes=\"(max-width: 241px) 100vw, 241px\" \/>A Secretaria de Sa\u00fade informa que diversos casos da Doen\u00e7a M\u00e3o-P\u00e9-Boca (DMPB) t\u00eam sido registrados em v\u00e1rias regi\u00f5es do munic\u00edpio. A doen\u00e7a \u00e9 causada por enterov\u00edrus e atinge, principalmente, crian\u00e7as pequenas.<\/div>\n<div dir=\"auto\"><\/div>\n<\/div>\n<div class=\"x14z9mp xat24cr x1lziwak x1vvkbs xtlvy1s x126k92a\">\n<div dir=\"auto\">Fique atento aos sintomas:<\/div>\n<div dir=\"auto\"><\/div>\n<\/div>\n<div class=\"x14z9mp xat24cr x1lziwak x1vvkbs xtlvy1s x126k92a\">\n<div dir=\"auto\">* Febre<\/div>\n<div dir=\"auto\">* Les\u00f5es nas m\u00e3os, p\u00e9s e boca<\/div>\n<div dir=\"auto\">* Dor, irrita\u00e7\u00e3o e, em alguns casos, v\u00f4mitos<\/div>\n<\/div>\n<div class=\"x14z9mp xat24cr x1lziwak x1vvkbs xtlvy1s x126k92a\">\n<div dir=\"auto\">Sinais de alerta:<\/div>\n<\/div>\n<div class=\"x14z9mp xat24cr x1lziwak x1vvkbs xtlvy1s x126k92a\">\n<div dir=\"auto\">* Febre alta por mais de 48 horas<\/div>\n<div dir=\"auto\">* Sonol\u00eancia ou v\u00f4mitos persistentes<\/div>\n<div dir=\"auto\">* Dificuldade para respirar<\/div>\n<div dir=\"auto\">* Espasmos ou fraqueza<\/div>\n<\/div>\n<div class=\"x14z9mp xat24cr x1lziwak x1vvkbs xtlvy1s x126k92a\">\n<div dir=\"auto\">Medidas de preven\u00e7\u00e3o:<\/div>\n<\/div>\n<div class=\"x14z9mp xat24cr x1lziwak x1vvkbs xtlvy1s x126k92a\">\n<div dir=\"auto\">* Lave bem as m\u00e3os com frequ\u00eancia<\/div>\n<div dir=\"auto\">* Evite contato com pessoas infectadas<\/div>\n<div dir=\"auto\">* Higienize brinquedos e superf\u00edcies regularmente<\/div>\n<\/div>\n<div class=\"x14z9mp xat24cr x1lziwak x1vvkbs xtlvy1s x126k92a\">\n<div dir=\"auto\">Em caso de sintomas, procure a unidade de sa\u00fade mais pr\u00f3xima.<\/div>\n<div dir=\"auto\"><\/div>\n<\/div>\n<div class=\"x14z9mp xat24cr x1lziwak x1vvkbs xtlvy1s x126k92a\">\n<div dir=\"auto\">(*) Depto de Comunica\u00e7\u00e3o e Imprensa \u2013 PJ<\/div>\n<\/div>\n","protected":false},"excerpt":{"rendered":"<p>A Secretaria de Sa\u00fade informa que diversos casos da Doen\u00e7a M\u00e3o-P\u00e9-Boca (DMPB) t\u00eam sido registrados em v\u00e1rias regi\u00f5es do munic\u00edpio.<\/p>\n","protected":false},"author":3,"featured_media":9644,"comment_status":"open","ping_status":"open","sticky":false,"template":"","format":"standard","meta":{"footnotes":""},"categories":[1,17,4],"tags":[],"class_list":["post-9643","post","type-post","status-publish","format-standard","has-post-thumbnail","hentry","category-destaque","category-juquitiba","category-noticias"],"_links":{"self":[{"href":"https:\/\/folhadopirajucara.com.br\/index.php\/wp-json\/wp\/v2\/posts\/9643"}],"collection":[{"href":"https:\/\/folhadopirajucara.com.br\/index.php\/wp-json\/wp\/v2\/posts"}],"about":[{"href":"https:\/\/folhadopirajucara.com.br\/index.php\/wp-json\/wp\/v2\/types\/post"}],"author":[{"embeddable":true,"href":"https:\/\/folhadopirajucara.com.br\/index.php\/wp-json\/wp\/v2\/users\/3"}],"replies":[{"embeddable":true,"href":"https:\/\/folhadopirajucara.com.br\/index.php\/wp-json\/wp\/v2\/comments?post=9643"}],"version-history":[{"count":2,"href":"https:\/\/folhadopirajucara.com.br\/index.php\/wp-json\/wp\/v2\/posts\/9643\/revisions"}],"predecessor-version":[{"id":9647,"href":"https:\/\/folhadopirajucara.com.br\/index.php\/wp-json\/wp\/v2\/posts\/9643\/revisions\/9647"}],"wp:featuredmedia":[{"embeddable":true,"href":"https:\/\/folhadopirajucara.com.br\/index.php\/wp-json\/wp\/v2\/media\/9644"}],"wp:attachment":[{"href":"https:\/\/folhadopirajucara.com.br\/index.php\/wp-json\/wp\/v2\/media?parent=9643"}],"wp:term":[{"taxonomy":"category","embeddable":true,"href":"https:\/\/folhadopirajucara.com.br\/index.php\/wp-json\/wp\/v2\/categories?post=9643"},{"taxonomy":"post_tag","embeddable":true,"href":"https:\/\/folhadopirajucara.com.br\/index.php\/wp-json\/wp\/v2\/tags?post=9643"}],"curies":[{"name":"wp","href":"https:\/\/api.w.org\/{rel}","templated":true}]}}