{"id":9658,"date":"2025-07-03T20:12:44","date_gmt":"2025-07-03T23:12:44","guid":{"rendered":"https:\/\/folhadopirajucara.com.br\/?p=9658"},"modified":"2025-07-03T20:12:44","modified_gmt":"2025-07-03T23:12:44","slug":"qualifica-sp-oferece-mais-de-500-vagas-em-cursos-profissionalizantes-gratuitos-no-estado-de-sao-paulo","status":"publish","type":"post","link":"https:\/\/folhadopirajucara.com.br\/index.php\/2025\/07\/03\/qualifica-sp-oferece-mais-de-500-vagas-em-cursos-profissionalizantes-gratuitos-no-estado-de-sao-paulo\/","title":{"rendered":"Qualifica SP oferece mais de 500 vagas em cursos profissionalizantes gratuitos no estado de S\u00e3o Paulo"},"content":{"rendered":"<blockquote>\n<p style=\"text-align: center;\"><strong><em>Inscri\u00e7\u00f5es est\u00e3o abertas at\u00e9 07\/07 e devem ser feitas pelo site do programa<\/em><\/strong><\/p>\n<\/blockquote>\n<p>&nbsp;<\/p>\n<p>O Governo do Estado de S\u00e3o Paulo, por meio da Secretaria de Desenvolvimento Econ\u00f4mico (SDE), est\u00e1 com 560 vagas abertas para cursos gratuitos e presenciais de qualifica\u00e7\u00e3o profissional do Qualifica SP, programa voltado \u00e0 introdu\u00e7\u00e3o ou recoloca\u00e7\u00e3o de pessoas no mercado de trabalho. Os interessados devem se inscrever pelo site\u00a0<a href=\"https:\/\/click.cse360.com.br\/Click\/AddCampaignEmailClick\/538fa869-1b4e-4905-732c-08ddb87afa6c\/http%253a%252f%252fwww.qualificasp.sp.gov.br\/7a1dbee4-a551-4023-abd6-02827c05c0ba\/fpirajucara@gmail.com\/True\" target=\"_blank\" rel=\"noopener noreferrer\" data-saferedirecturl=\"https:\/\/www.google.com\/url?q=https:\/\/click.cse360.com.br\/Click\/AddCampaignEmailClick\/538fa869-1b4e-4905-732c-08ddb87afa6c\/http%25253a%25252f%25252fwww.qualificasp.sp.gov.br\/7a1dbee4-a551-4023-abd6-02827c05c0ba\/fpirajucara@gmail.com\/True&amp;source=gmail&amp;ust=1751668316864000&amp;usg=AOvVaw1TNMqYdxhx5ErCCmQm_arx\">www.qualificasp.sp.gov.br<\/a>\u00a0at\u00e9 a pr\u00f3xima segunda-feira (07).<\/p>\n<p>A oferta do Qualifica SP conta com aulas presenciais em 22 munic\u00edpios do estado. Os cursos ser\u00e3o disponibilizados em tr\u00eas turnos: manh\u00e3 (das 8h \u00e0s 12h), tarde (das 13h \u00e0s 17h) e noite (das 18h \u00e0s 22h). Confira no site do programa mais detalhes sobre os munic\u00edpios com cursos dispon\u00edveis e os locais das aulas.<\/p>\n<p>As vagas est\u00e3o distribu\u00eddas entre duas modalidades do programa:<\/p>\n<ul>\n<li><strong>Novo Emprego:<\/strong>\u00a0voltado a jovens e adultos a partir de 16 anos que desejam se qualificar em uma nova \u00e1rea ou iniciar uma nova carreira. Est\u00e3o dispon\u00edveis os cursos de Auxiliar de Cozinha (40 vagas), Chocolateria\u00a0 (20 vagas), Confeitaria\u00a0 (20 vagas), Operador de Caixa (20 vagas), Cuidador de Idosos com inclus\u00e3o digital (20 vagas), Culin\u00e1ria B\u00e1sica (80 vagas), Operador de Caixa (20 vagas), Panifica\u00e7\u00e3o (20 vagas), Pizzaiolo (20 vagas), Porteiro e Controlador de Acesso (40 vagas), Recep\u00e7\u00e3o e Atendimento (40 vagas), Recep\u00e7\u00e3o e Atendimento com inclus\u00e3o digital (20 vagas), T\u00e9cnicas de Vendas (20 vagas) e Tratorista (20 vagas).<\/li>\n<\/ul>\n<ul>\n<li><strong>Meu Primeiro Emprego:<\/strong>\u00a0direcionado a jovens de 16 a 24 anos que buscam a sua primeira oportunidade no mercado de trabalho. Est\u00e3o dispon\u00edveis os cursos de Assistente Administrativo (60 vagas), Assistente Administrativo com inclus\u00e3o digital (20 vagas), Assistente de Recursos Humanos\u00a0 (20 vagas), Atendente de Farm\u00e1cia (20 vagas), Auxiliar de Log\u00edstica\u00a0 (20 vagas) e T\u00e9cnicas de Vendas (20 vagas).<\/li>\n<\/ul>\n<p>A escolha dos cursos foi realizada ap\u00f3s an\u00e1lises das demandas de mercado em todo o territ\u00f3rio estadual. O objetivo \u00e9 fazer a conex\u00e3o entre aprendizado e empregabilidade, oferecendo treinamento em segmentos em que h\u00e1 vagas em aberto.<\/p>\n<p style=\"text-align: center;\"><strong>Como se inscrever<\/strong><\/p>\n<p>As inscri\u00e7\u00f5es devem ser realizadas pelo\u00a0<a href=\"https:\/\/click.cse360.com.br\/Click\/AddCampaignEmailClick\/538fa869-1b4e-4905-732c-08ddb87afa6c\/http%253a%252f%252fwww.qualificasp.sp.gov.br\/7a1dbee4-a551-4023-abd6-02827c05c0ba\/fpirajucara@gmail.com\/True\" target=\"_blank\" rel=\"noopener noreferrer\" data-saferedirecturl=\"https:\/\/www.google.com\/url?q=https:\/\/click.cse360.com.br\/Click\/AddCampaignEmailClick\/538fa869-1b4e-4905-732c-08ddb87afa6c\/http%25253a%25252f%25252fwww.qualificasp.sp.gov.br\/7a1dbee4-a551-4023-abd6-02827c05c0ba\/fpirajucara@gmail.com\/True&amp;source=gmail&amp;ust=1751668316864000&amp;usg=AOvVaw1TNMqYdxhx5ErCCmQm_arx\">site do programa<\/a>\u00a0at\u00e9 a pr\u00f3xima segunda (07). Podem participar candidatos alfabetizados, domiciliados no estado de S\u00e3o Paulo e com idade compat\u00edvel com a modalidade escolhida. Caso o n\u00famero de inscritos ultrapasse o n\u00famero de vagas, ser\u00e3o priorizadas pessoas menores de idade, com defici\u00eancia, desempregadas\u00a0 e com baixa renda.<\/p>\n<p>As aulas t\u00eam previs\u00e3o de in\u00edcio para o dia 14 de julho. Para receber o certificado, o aluno deve ter ao menos 75% de presen\u00e7a nas aulas do curso.<\/p>\n<p style=\"text-align: center;\"><strong>Servi\u00e7o\u00a0<\/strong><\/p>\n<p style=\"text-align: center;\"><strong>Inscri\u00e7\u00f5es para cursos profissionalizantes do Qualifica SP<\/strong><\/p>\n<p>Quantidade de vagas: 560<\/p>\n<p>Formato: Presencial<\/p>\n<p>Inscri\u00e7\u00f5es: at\u00e9 7 de julho (segunda-feira)<\/p>\n<p>In\u00edcio das aulas: 14 de julho (previs\u00e3o)<\/p>\n<p>&nbsp;<\/p>\n<h6><strong>(*) <span class=\"qu\" tabindex=\"-1\" role=\"gridcell\" translate=\"no\"><span class=\"gD\" data-hovercard-id=\"sistemas@comuniquese5.com.br\" data-hovercard-owner-id=\"20\">Secretaria de Desenvolvimento Econ\u00f4mico ESP<\/span><\/span><\/strong><\/h6>\n","protected":false},"excerpt":{"rendered":"<p>Inscri\u00e7\u00f5es est\u00e3o abertas at\u00e9 07\/07 e devem ser feitas pelo site do programa &nbsp; O Governo do Estado de S\u00e3o<\/p>\n","protected":false},"author":3,"featured_media":9659,"comment_status":"open","ping_status":"open","sticky":false,"template":"","format":"standard","meta":{"footnotes":""},"categories":[1,4,5],"tags":[],"class_list":["post-9658","post","type-post","status-publish","format-standard","has-post-thumbnail","hentry","category-destaque","category-noticias","category-pauta-livre"],"_links":{"self":[{"href":"https:\/\/folhadopirajucara.com.br\/index.php\/wp-json\/wp\/v2\/posts\/9658"}],"collection":[{"href":"https:\/\/folhadopirajucara.com.br\/index.php\/wp-json\/wp\/v2\/posts"}],"about":[{"href":"https:\/\/folhadopirajucara.com.br\/index.php\/wp-json\/wp\/v2\/types\/post"}],"author":[{"embeddable":true,"href":"https:\/\/folhadopirajucara.com.br\/index.php\/wp-json\/wp\/v2\/users\/3"}],"replies":[{"embeddable":true,"href":"https:\/\/folhadopirajucara.com.br\/index.php\/wp-json\/wp\/v2\/comments?post=9658"}],"version-history":[{"count":1,"href":"https:\/\/folhadopirajucara.com.br\/index.php\/wp-json\/wp\/v2\/posts\/9658\/revisions"}],"predecessor-version":[{"id":9660,"href":"https:\/\/folhadopirajucara.com.br\/index.php\/wp-json\/wp\/v2\/posts\/9658\/revisions\/9660"}],"wp:featuredmedia":[{"embeddable":true,"href":"https:\/\/folhadopirajucara.com.br\/index.php\/wp-json\/wp\/v2\/media\/9659"}],"wp:attachment":[{"href":"https:\/\/folhadopirajucara.com.br\/index.php\/wp-json\/wp\/v2\/media?parent=9658"}],"wp:term":[{"taxonomy":"category","embeddable":true,"href":"https:\/\/folhadopirajucara.com.br\/index.php\/wp-json\/wp\/v2\/categories?post=9658"},{"taxonomy":"post_tag","embeddable":true,"href":"https:\/\/folhadopirajucara.com.br\/index.php\/wp-json\/wp\/v2\/tags?post=9658"}],"curies":[{"name":"wp","href":"https:\/\/api.w.org\/{rel}","templated":true}]}}