{"id":9699,"date":"2025-07-07T19:25:15","date_gmt":"2025-07-07T22:25:15","guid":{"rendered":"https:\/\/folhadopirajucara.com.br\/?p=9699"},"modified":"2025-07-07T19:25:15","modified_gmt":"2025-07-07T22:25:15","slug":"festa-do-peao-de-boiadeiro-de-itapecerica-da-serra-mostra-sua-grandeza-na-primeira-semana-do-evento","status":"publish","type":"post","link":"https:\/\/folhadopirajucara.com.br\/index.php\/2025\/07\/07\/festa-do-peao-de-boiadeiro-de-itapecerica-da-serra-mostra-sua-grandeza-na-primeira-semana-do-evento\/","title":{"rendered":"Festa do Pe\u00e3o de Boiadeiro de Itapecerica da Serra mostra sua grandeza na primeira semana do evento"},"content":{"rendered":"<p class=\"post-description\">A Festa do Pe\u00e3o de Boiadeiro de Itapecerica da Serra iniciou sua trajet\u00f3ria em 2025 com absoluto sucesso na noite desta sexta-feira, 04\/07. Diante de uma arena lotada, o cantor Gusttavo Lima &#8211; &#8220;O Embaixador&#8221; mostrou porque se tornou um dos maiores nomes da m\u00fasica brasileira nos \u00faltimos anos.<\/p>\n<div data-grid=\"small-spacing center justify\">\n<article class=\"post-text\">\n<div>\n<div class=\"tVu25\">\n<div class=\"nH a4O\">\n<div class=\"nH\">\n<div class=\"nH aqk aql bkL\">\n<div class=\"nH bkK\">\n<div class=\"nH\">\n<div class=\"nH ar4 z\">\n<div class=\"aeI\">\n<div class=\"AO\">\n<div id=\":3\" class=\"Tm aeJ\">\n<div id=\":1\" class=\"aeF\">\n<div class=\"nH\">\n<div class=\"nH\" role=\"main\">\n<div class=\"nH g\">\n<div class=\"nH a98 iY\">\n<div class=\"nH\">\n<div class=\"aHU hx\">\n<div role=\"list\">\n<div class=\"h7 ie\" tabindex=\"-1\" role=\"listitem\" aria-expanded=\"true\">\n<div class=\"Bk\">\n<div class=\"G3 G2\">\n<div>\n<div id=\":m1\">\n<div class=\"adn ads\" data-message-id=\"#msg-f:1836996690574677490\" data-legacy-message-id=\"197e52c1db4595f2\">\n<div class=\"gs\">\n<div class=\"\">\n<div id=\":tl\" class=\"ii gt\">\n<div id=\":tk\" class=\"a3s aiL \">\n<div dir=\"ltr\">\n<div dir=\"ltr\">\n<div>Para come\u00e7ar o evento, que este ano comemora 45 anos de realiza\u00e7\u00e3o, foi cumprida a solenidade oficial de abertura da festa. Autoridades foram chamadas \u00e0 arena e discursaram para o p\u00fablico presente, foi apresentada a corte com Rainha, Princesas e Miss Simpatia da Edi\u00e7\u00e3o 2025, as bandeiras e foi dada a b\u00ean\u00e7\u00e3o aos pe\u00f5es, p\u00fablico e para a cidade.<\/div>\n<div><\/div>\n<div>&#8220;Al\u00e9m da nossa cidade receber uma festa maravilhosa, pela primeira vez na hist\u00f3ria da cidade temos uma contrapartida do evento com a doa\u00e7\u00e3o de uma viatura para GCM e uma ambul\u00e2ncia para atender a Sa\u00fade&#8221;, anunciou o prefeito Dr. Ramon Corsini na arena.<\/div>\n<div><\/div>\n<div>Participaram da solenidade: o vice-prefeito Allan Dias, os vereadores Cicero Melo (presidente da C\u00e2mara), Giba, Dr. Tinho, Joner Jr., Gustavo Mariani e Mauro Cavalheiro, os secret\u00e1rios Rodrigo Corsini (Jur\u00eddico), Anali Corsini (Desenvolvimento Social), Zecas (Seguran\u00e7a), Fernando Andrade (Obras), Rog\u00e9rio Silva (Habita\u00e7\u00e3o), Adalberto Dias (Tr\u00e2nsito e Transporte) Miro Dias (Esporte) e F\u00e1bio Faquim (Turismo). Al\u00e9m dos deputados Eduardo N\u00f3brega, Ribamar Silva e Carlos Zarattini.<\/div>\n<div><\/div>\n<div>Voltando ao show inaugural, Gusttavo Lima se deparou com um povo animado, que cantou junto seus grandes sucessos, como: &#8220;Z\u00e9 da Reca\u00edda&#8221;, &#8220;Apelido Carinhoso&#8221;, e &#8220;Termina Comigo Antes&#8221;, sempre com grande empolga\u00e7\u00e3o e alegria, tra\u00e7os do itapecericano que ama esta festa.<\/div>\n<div><\/div>\n<div>J\u00e1 no s\u00e1bado (05\/07) Z\u00e9 Neto &amp; Cristiano, a dupla de S\u00e3o Jos\u00e9 do Rio Preto, mostrou sua intensidade nas can\u00e7\u00f5es, principalmente nos sucessos &#8220;Escondendo o Ouro&#8221;, &#8220;Amizade Com Ex&#8221; e &#8220;Pulando o Muro&#8221;, marca que consolidou eles como uma das maiores duplas do sertanejo atual nestes 10 anos de carreira.<\/div>\n<div><\/div>\n<div>A noite contou ainda com a for\u00e7a feminina da cantora Elis Justi, com uma apresenta\u00e7\u00e3o que mostrou sua versatilidade rara, entrelac\u0327ando o sertanejo contempora\u0302neo e as sonoridades do country e do pop.<\/div>\n<div><\/div>\n<div>A primeira semana da Festa do Pe\u00e3o de Boiadeiro de Itapecerica da Serra mostrou tamb\u00e9m sua import\u00e2ncia para economia da cidade, assim como para o setor tur\u00edstico, se consolidando como a maior da Grande S\u00e3o Paulo.<\/div>\n<div><\/div>\n<div>O evento segue no dia 8 (v\u00e9spera do feriado) com Natanzinho Lima, Heitor Costa e Jobson Souza, no dia 11\/07 com Luan Santana e Luiz Miguel &amp; Daniel e no dia 12\/07 com Jorge &amp; Mateus. Lembrando do Dia da Fam\u00edlia no dia 09\/07, com entrada gratuita e shows de Israel e Rodolffo e Ricardo Fernandez; al\u00e9m de distribui\u00e7\u00e3o de pipoca e algod\u00e3o doce e brinquedos infl\u00e1veis, dispon\u00edveis para as crian\u00e7as.<\/div>\n<\/div>\n<\/div>\n<\/div>\n<\/div>\n<\/div>\n<\/div>\n<\/div>\n<\/div>\n<\/div>\n<\/div>\n<\/div>\n<\/div>\n<\/div>\n<\/div>\n<\/div>\n<\/div>\n<\/div>\n<\/div>\n<\/div>\n<\/div>\n<\/div>\n<\/div>\n<\/div>\n<\/div>\n<\/div>\n<\/div>\n<\/div>\n<\/div>\n<\/div>\n<\/div>\n<\/div>\n<\/article>\n<\/div>\n<div class=\"gallery__container\"><\/div>\n<div><\/div>\n<h6>(*) SECOM PMIS<\/h6>\n","protected":false},"excerpt":{"rendered":"<p>A Festa do Pe\u00e3o de Boiadeiro de Itapecerica da Serra iniciou sua trajet\u00f3ria em 2025 com absoluto sucesso na noite<\/p>\n","protected":false},"author":3,"featured_media":9700,"comment_status":"open","ping_status":"open","sticky":false,"template":"","format":"standard","meta":{"footnotes":""},"categories":[1,16,4],"tags":[],"class_list":["post-9699","post","type-post","status-publish","format-standard","has-post-thumbnail","hentry","category-destaque","category-itapecerica-da-serra","category-noticias"],"_links":{"self":[{"href":"https:\/\/folhadopirajucara.com.br\/index.php\/wp-json\/wp\/v2\/posts\/9699"}],"collection":[{"href":"https:\/\/folhadopirajucara.com.br\/index.php\/wp-json\/wp\/v2\/posts"}],"about":[{"href":"https:\/\/folhadopirajucara.com.br\/index.php\/wp-json\/wp\/v2\/types\/post"}],"author":[{"embeddable":true,"href":"https:\/\/folhadopirajucara.com.br\/index.php\/wp-json\/wp\/v2\/users\/3"}],"replies":[{"embeddable":true,"href":"https:\/\/folhadopirajucara.com.br\/index.php\/wp-json\/wp\/v2\/comments?post=9699"}],"version-history":[{"count":1,"href":"https:\/\/folhadopirajucara.com.br\/index.php\/wp-json\/wp\/v2\/posts\/9699\/revisions"}],"predecessor-version":[{"id":9701,"href":"https:\/\/folhadopirajucara.com.br\/index.php\/wp-json\/wp\/v2\/posts\/9699\/revisions\/9701"}],"wp:featuredmedia":[{"embeddable":true,"href":"https:\/\/folhadopirajucara.com.br\/index.php\/wp-json\/wp\/v2\/media\/9700"}],"wp:attachment":[{"href":"https:\/\/folhadopirajucara.com.br\/index.php\/wp-json\/wp\/v2\/media?parent=9699"}],"wp:term":[{"taxonomy":"category","embeddable":true,"href":"https:\/\/folhadopirajucara.com.br\/index.php\/wp-json\/wp\/v2\/categories?post=9699"},{"taxonomy":"post_tag","embeddable":true,"href":"https:\/\/folhadopirajucara.com.br\/index.php\/wp-json\/wp\/v2\/tags?post=9699"}],"curies":[{"name":"wp","href":"https:\/\/api.w.org\/{rel}","templated":true}]}}