{"id":9741,"date":"2025-07-14T17:02:12","date_gmt":"2025-07-14T20:02:12","guid":{"rendered":"https:\/\/folhadopirajucara.com.br\/?p=9741"},"modified":"2025-07-14T17:02:12","modified_gmt":"2025-07-14T20:02:12","slug":"judocas-de-juquitiba-conquistam-3o-lugar-na-2a-etapa-do-campeonato-paulista","status":"publish","type":"post","link":"https:\/\/folhadopirajucara.com.br\/index.php\/2025\/07\/14\/judocas-de-juquitiba-conquistam-3o-lugar-na-2a-etapa-do-campeonato-paulista\/","title":{"rendered":"Judocas de Juquitiba conquistam 3\u00ba lugar na 2\u00aa etapa do Campeonato Paulista"},"content":{"rendered":"<p>No dia 15\/06, os alunos do Jud\u00f4 de Juquitiba participaram da 2\u00aa etapa do Campeonato Paulista de Jud\u00f4, realizada na cidade de Porangaba\/SP.<\/p>\n<p>Al\u00e9m da expressiva participa\u00e7\u00e3o no evento, a equipe conquistou o 3\u00ba lugar na coloca\u00e7\u00e3o geral e tamb\u00e9m marcou presen\u00e7a no Campeonato Social, com arrecada\u00e7\u00e3o de alimentos.<\/p>\n<p>Parabenizamos os alunos que representaram nossa cidade com garra e dedica\u00e7\u00e3o:<\/p>\n<p><img loading=\"lazy\" decoding=\"async\" class=\"size-medium wp-image-9743 alignleft\" src=\"https:\/\/folhadopirajucara.com.br\/wp-content\/uploads\/2025\/07\/518186797_18105567598554740_8190736578996274632_n-241x300.jpg\" alt=\"\" width=\"241\" height=\"300\" srcset=\"https:\/\/folhadopirajucara.com.br\/wp-content\/uploads\/2025\/07\/518186797_18105567598554740_8190736578996274632_n-241x300.jpg 241w, https:\/\/folhadopirajucara.com.br\/wp-content\/uploads\/2025\/07\/518186797_18105567598554740_8190736578996274632_n-822x1024.jpg 822w, https:\/\/folhadopirajucara.com.br\/wp-content\/uploads\/2025\/07\/518186797_18105567598554740_8190736578996274632_n-768x957.jpg 768w, https:\/\/folhadopirajucara.com.br\/wp-content\/uploads\/2025\/07\/518186797_18105567598554740_8190736578996274632_n-1232x1536.jpg 1232w, https:\/\/folhadopirajucara.com.br\/wp-content\/uploads\/2025\/07\/518186797_18105567598554740_8190736578996274632_n.jpg 1347w\" sizes=\"(max-width: 241px) 100vw, 241px\" \/>Alice da Silva Manzano, Alice de Moraes Gozzi, Aline Fabiana Carvalho Muller, Amanda Soares Domingos, Ana Clara Serrano, Anny Solange Pinto do Nascimento, Arthur Almeida Marques, Arthur Lucca Amaral de Amorim, Cecilie Gabriella Carvalho, Edna Soares, Guilherme Dondorni, Isadora Almeida de Oliveira, Jo\u00e3o Pedro Coelho da Silva, Junior Ladeira dos Santos, Kaik Santos Godinho, Laura da Silva Manzano, Luiz Felipe Ramos Cardoso, Lunna Arcanjo Pires, Marcos Vinicius Pereira de Souza, Maria Eduarda, Maria Luiza Nascimento Pereira, Maria Vitoria, Mariana Lacerda, N\u00e1dia Bento, Nicolas Emanoel Mendes, P\u00e9rola Souza Xavier, Rafael Soares Domingos, Rebeca Cardoso Silva, Sabrina Silva Costa Matos, Samuel Pinto Monteiro, Silvia Patricia Soares, Sofia Claro Oliveira Ribeiro, Vin\u00edcius Sillig dos Santos, Vitoria Cristina Serrano e Waleska da Silva Matos.<\/p>\n<p>Juquitiba j\u00e1 havia conquistado o 1\u00ba lugar na primeira etapa do campeonato e, com orgulho, ser\u00e1 sede da grande final, que corresponde \u00e0 terceira etapa da competi\u00e7\u00e3o.<\/p>\n<p>Agradecemos tamb\u00e9m aos pais pela parceria e colabora\u00e7\u00e3o, e ao sensei Rosimar, pela dedica\u00e7\u00e3o e lideran\u00e7a junto aos nossos atletas.<\/p>\n<p>A Prefeitura de Juquitiba se orgulha de apoiar iniciativas que promovem o esporte, o desenvolvimento dos nossos jovens e a valoriza\u00e7\u00e3o do talento local.<\/p>\n<p>&nbsp;<\/p>\n<p>&nbsp;<\/p>\n<h6>(*) Departamento de Comunica\u00e7\u00e3o e Imprensa \u2013 Prefeitura de Juquitiba<\/h6>\n","protected":false},"excerpt":{"rendered":"<p>No dia 15\/06, os alunos do Jud\u00f4 de Juquitiba participaram da 2\u00aa etapa do Campeonato Paulista de Jud\u00f4, realizada na<\/p>\n","protected":false},"author":3,"featured_media":9742,"comment_status":"open","ping_status":"open","sticky":false,"template":"","format":"standard","meta":{"footnotes":""},"categories":[1,17,4],"tags":[],"class_list":["post-9741","post","type-post","status-publish","format-standard","has-post-thumbnail","hentry","category-destaque","category-juquitiba","category-noticias"],"_links":{"self":[{"href":"https:\/\/folhadopirajucara.com.br\/index.php\/wp-json\/wp\/v2\/posts\/9741"}],"collection":[{"href":"https:\/\/folhadopirajucara.com.br\/index.php\/wp-json\/wp\/v2\/posts"}],"about":[{"href":"https:\/\/folhadopirajucara.com.br\/index.php\/wp-json\/wp\/v2\/types\/post"}],"author":[{"embeddable":true,"href":"https:\/\/folhadopirajucara.com.br\/index.php\/wp-json\/wp\/v2\/users\/3"}],"replies":[{"embeddable":true,"href":"https:\/\/folhadopirajucara.com.br\/index.php\/wp-json\/wp\/v2\/comments?post=9741"}],"version-history":[{"count":2,"href":"https:\/\/folhadopirajucara.com.br\/index.php\/wp-json\/wp\/v2\/posts\/9741\/revisions"}],"predecessor-version":[{"id":9745,"href":"https:\/\/folhadopirajucara.com.br\/index.php\/wp-json\/wp\/v2\/posts\/9741\/revisions\/9745"}],"wp:featuredmedia":[{"embeddable":true,"href":"https:\/\/folhadopirajucara.com.br\/index.php\/wp-json\/wp\/v2\/media\/9742"}],"wp:attachment":[{"href":"https:\/\/folhadopirajucara.com.br\/index.php\/wp-json\/wp\/v2\/media?parent=9741"}],"wp:term":[{"taxonomy":"category","embeddable":true,"href":"https:\/\/folhadopirajucara.com.br\/index.php\/wp-json\/wp\/v2\/categories?post=9741"},{"taxonomy":"post_tag","embeddable":true,"href":"https:\/\/folhadopirajucara.com.br\/index.php\/wp-json\/wp\/v2\/tags?post=9741"}],"curies":[{"name":"wp","href":"https:\/\/api.w.org\/{rel}","templated":true}]}}