{"id":9856,"date":"2025-07-31T20:00:46","date_gmt":"2025-07-31T23:00:46","guid":{"rendered":"https:\/\/folhadopirajucara.com.br\/?p=9856"},"modified":"2025-07-31T20:11:43","modified_gmt":"2025-07-31T23:11:43","slug":"inaugurada-nova-agencia-dos-correios-no-distrito-do-jacira","status":"publish","type":"post","link":"https:\/\/folhadopirajucara.com.br\/index.php\/2025\/07\/31\/inaugurada-nova-agencia-dos-correios-no-distrito-do-jacira\/","title":{"rendered":"Inaugurada nova ag\u00eancia dos Correios no Distrito do Jacira"},"content":{"rendered":"<p class=\"post-description\">O bairro do Jardim Jacira ganhou na manh\u00e3 desta quinta-feira (31\/07) uma unidade dos Correios. A nova ag\u00eancia funciona dentro do pr\u00e9dio que abriga o PAT \u2013 Posto de Atendimento ao Trabalhador, Conselho Tutelar e Cad\u00danico, na rua Comodoro, n\u00ba 200, pr\u00f3ximo \u00e0 Delegacia de Pol\u00edcia do bairro.<\/p>\n<div data-grid=\"small-spacing center justify\">\n<p>A cerim\u00f4nia de inaugura\u00e7\u00e3o, realizada nesta manh\u00e3, contou com a presen\u00e7a do prefeito Dr. Ramon Corsini e do vice Allan Dias. \u201cA ag\u00eancia dos Correios aqui do Jardim Jacira \u00e9 um sonho h\u00e1 muitos anos. Agora a popula\u00e7\u00e3o n\u00e3o vai precisar mais se deslocar at\u00e9 o centro da cidade ou at\u00e9 outras regi\u00f5es para utilizar os servi\u00e7os\u201d, disse Ramon.<\/p>\n<p>Para Allan Dias, \u201c\u00e9 mais uma conquista em t\u00e3o pouco tempo de mandato. \u00c9 um equipamento de suma import\u00e2ncia que gera respeito, dignidade, mais conforto e agilidade para esta popula\u00e7\u00e3o, que pode despachar suas correspond\u00eancias e ter acesso a uma s\u00e9rie de servi\u00e7os que s\u00e3o disponibilizados pelos Correios\u201d.<\/p>\n<p>A implementa\u00e7\u00e3o foi resultado de uma PPP (Parceria P\u00fablico-Privada) entre os Correios e a Prefeitura de Itapecerica da Serra, atrav\u00e9s da Secretaria de Governo, Ci\u00eancia e Tecnologia e da Secretaria do Desenvolvimento Social e Rela\u00e7\u00f5es do Trabalho. A Administra\u00e7\u00e3o Municipal cede o espa\u00e7o e o franqueado \u00e9 respons\u00e1vel pelos custos da opera\u00e7\u00e3o.<\/p>\n<p>O novo equipamento descentraliza os servi\u00e7os postais, proporcionando facilidade de acesso para moradores de todo o Distrito do Jacira, que agora contam com duas ag\u00eancias: esta da rua Comodoro e a do Centro Integrado Santa J\u00falia.<\/p>\n<p>A nova unidade que entrou em opera\u00e7\u00e3o hoje, 31 de julho, funciona de segunda a sexta-feira, das 8h \u00e0s 17h, exceto em feriados. Oferece os seguintes servi\u00e7os: Sedex, PAC, retirada de entrega interna, servi\u00e7os de CPF, Serasa Limpa Nome, chips do Correio, Tele Sena, seguro de vida, seguro de bolsa, entre outros.<\/p>\n<p>A inaugura\u00e7\u00e3o contou ainda com a presen\u00e7a dos vereadores C\u00edcero Melo (presidente da C\u00e2mara), Alex Napole\u00e3o, Val Santos, Dr. Vicente Tinho e Cl\u00e9o do Pq. Uni\u00e3o (Coletivo Pq. Uni\u00e3o Cleo e Jones); secret\u00e1rios municipais Anali Corsini (Desenvolvimento Social e Rela\u00e7\u00f5es do Trabalho) e Renato Rainha (Governo, Ci\u00eancia e Tecnologia); Laurindo Neto Soares (diretor de Ind\u00fastria e Com\u00e9rcio), Vin\u00edcius Moreno (superintendente estadual dos Correios-SP); Angelo Dias (diretor da AGF. XV de Novembro) e Chamoun Hana Joukeh (presidente da ABRAPOST-SP).<\/p>\n<\/div>\n<p>&nbsp;<\/p>\n<h6>(*) SECOM PMIS<\/h6>\n","protected":false},"excerpt":{"rendered":"<p>O bairro do Jardim Jacira ganhou na manh\u00e3 desta quinta-feira (31\/07) uma unidade dos Correios. A nova ag\u00eancia funciona dentro<\/p>\n","protected":false},"author":3,"featured_media":9857,"comment_status":"open","ping_status":"open","sticky":false,"template":"","format":"standard","meta":{"footnotes":""},"categories":[1,16,4],"tags":[],"class_list":["post-9856","post","type-post","status-publish","format-standard","has-post-thumbnail","hentry","category-destaque","category-itapecerica-da-serra","category-noticias"],"_links":{"self":[{"href":"https:\/\/folhadopirajucara.com.br\/index.php\/wp-json\/wp\/v2\/posts\/9856"}],"collection":[{"href":"https:\/\/folhadopirajucara.com.br\/index.php\/wp-json\/wp\/v2\/posts"}],"about":[{"href":"https:\/\/folhadopirajucara.com.br\/index.php\/wp-json\/wp\/v2\/types\/post"}],"author":[{"embeddable":true,"href":"https:\/\/folhadopirajucara.com.br\/index.php\/wp-json\/wp\/v2\/users\/3"}],"replies":[{"embeddable":true,"href":"https:\/\/folhadopirajucara.com.br\/index.php\/wp-json\/wp\/v2\/comments?post=9856"}],"version-history":[{"count":1,"href":"https:\/\/folhadopirajucara.com.br\/index.php\/wp-json\/wp\/v2\/posts\/9856\/revisions"}],"predecessor-version":[{"id":9858,"href":"https:\/\/folhadopirajucara.com.br\/index.php\/wp-json\/wp\/v2\/posts\/9856\/revisions\/9858"}],"wp:featuredmedia":[{"embeddable":true,"href":"https:\/\/folhadopirajucara.com.br\/index.php\/wp-json\/wp\/v2\/media\/9857"}],"wp:attachment":[{"href":"https:\/\/folhadopirajucara.com.br\/index.php\/wp-json\/wp\/v2\/media?parent=9856"}],"wp:term":[{"taxonomy":"category","embeddable":true,"href":"https:\/\/folhadopirajucara.com.br\/index.php\/wp-json\/wp\/v2\/categories?post=9856"},{"taxonomy":"post_tag","embeddable":true,"href":"https:\/\/folhadopirajucara.com.br\/index.php\/wp-json\/wp\/v2\/tags?post=9856"}],"curies":[{"name":"wp","href":"https:\/\/api.w.org\/{rel}","templated":true}]}}