{"id":9941,"date":"2025-08-16T18:46:40","date_gmt":"2025-08-16T21:46:40","guid":{"rendered":"https:\/\/folhadopirajucara.com.br\/?p=9941"},"modified":"2025-08-16T18:46:40","modified_gmt":"2025-08-16T21:46:40","slug":"secretaria-de-educacao-de-embu-da-artes-antecipa-matriculas-para-o-ano-letivo-de-2026","status":"publish","type":"post","link":"https:\/\/folhadopirajucara.com.br\/index.php\/2025\/08\/16\/secretaria-de-educacao-de-embu-da-artes-antecipa-matriculas-para-o-ano-letivo-de-2026\/","title":{"rendered":"Secretaria de Educa\u00e7\u00e3o de Embu da Artes antecipa matr\u00edculas para o ano letivo de 2026"},"content":{"rendered":"<p>A Secretaria de Educa\u00e7\u00e3o de Embu das Artes abrir\u00e1 inscri\u00e7\u00f5es para matr\u00edculas na rede municipal de ensino para o letivo de 2026. O programa de matr\u00edcula<strong>\u00a0<\/strong>antecipada\u00a0<strong>Chamada Escolar\u00a0<\/strong>abrange todas as modalidades: Educa\u00e7\u00e3o Infantil (a partir de 6 meses), Ensino Fundamental e Educa\u00e7\u00e3o de Jovens e Adultos (EJA).\u00a0<strong>O prazo para cadastro vai de 18\/8 a 19\/9.<\/strong><\/p>\n<p>As inscri\u00e7\u00f5es devem ser realizadas diretamente nas unidades escolares. Os candidatos e os respons\u00e1veis precisam apresentar os seguintes documentos originais: certid\u00e3o de nascimento, RG, CPF, comprovante de resid\u00eancia no munic\u00edpio, comprovante de escolaridade, se tiver, e o cart\u00e3o do Bolsa Fam\u00edlia, caso receba o aux\u00edlio. Tamb\u00e9m \u00e9 necess\u00e1rio levar a carteira ou o comprovante de vacina\u00e7\u00e3o, al\u00e9m do cart\u00e3o do SUS.<\/p>\n<p>Para mais informa\u00e7\u00f5es, procure a unidade escolar mais pr\u00f3xima da sua resid\u00eancia.<\/p>\n<p>&nbsp;<\/p>\n<h6>(*) SECOM PMEA<\/h6>\n","protected":false},"excerpt":{"rendered":"<p>A Secretaria de Educa\u00e7\u00e3o de Embu das Artes abrir\u00e1 inscri\u00e7\u00f5es para matr\u00edculas na rede municipal de ensino para o letivo<\/p>\n","protected":false},"author":3,"featured_media":9942,"comment_status":"open","ping_status":"open","sticky":false,"template":"","format":"standard","meta":{"footnotes":""},"categories":[1,15,4],"tags":[],"class_list":["post-9941","post","type-post","status-publish","format-standard","has-post-thumbnail","hentry","category-destaque","category-embu-das-artes","category-noticias"],"_links":{"self":[{"href":"https:\/\/folhadopirajucara.com.br\/index.php\/wp-json\/wp\/v2\/posts\/9941"}],"collection":[{"href":"https:\/\/folhadopirajucara.com.br\/index.php\/wp-json\/wp\/v2\/posts"}],"about":[{"href":"https:\/\/folhadopirajucara.com.br\/index.php\/wp-json\/wp\/v2\/types\/post"}],"author":[{"embeddable":true,"href":"https:\/\/folhadopirajucara.com.br\/index.php\/wp-json\/wp\/v2\/users\/3"}],"replies":[{"embeddable":true,"href":"https:\/\/folhadopirajucara.com.br\/index.php\/wp-json\/wp\/v2\/comments?post=9941"}],"version-history":[{"count":1,"href":"https:\/\/folhadopirajucara.com.br\/index.php\/wp-json\/wp\/v2\/posts\/9941\/revisions"}],"predecessor-version":[{"id":9943,"href":"https:\/\/folhadopirajucara.com.br\/index.php\/wp-json\/wp\/v2\/posts\/9941\/revisions\/9943"}],"wp:featuredmedia":[{"embeddable":true,"href":"https:\/\/folhadopirajucara.com.br\/index.php\/wp-json\/wp\/v2\/media\/9942"}],"wp:attachment":[{"href":"https:\/\/folhadopirajucara.com.br\/index.php\/wp-json\/wp\/v2\/media?parent=9941"}],"wp:term":[{"taxonomy":"category","embeddable":true,"href":"https:\/\/folhadopirajucara.com.br\/index.php\/wp-json\/wp\/v2\/categories?post=9941"},{"taxonomy":"post_tag","embeddable":true,"href":"https:\/\/folhadopirajucara.com.br\/index.php\/wp-json\/wp\/v2\/tags?post=9941"}],"curies":[{"name":"wp","href":"https:\/\/api.w.org\/{rel}","templated":true}]}}